{"id":1811,"date":"2020-07-25T01:54:12","date_gmt":"2020-07-24T22:54:12","guid":{"rendered":"https:\/\/blog.hostixo.com\/?p=1811"},"modified":"2022-07-30T14:06:44","modified_gmt":"2022-07-30T11:06:44","slug":"wordpress-beyaz-sayfa-sorunu-cozumu","status":"publish","type":"post","link":"https:\/\/www.hostixo.com\/blog\/wordpress-beyaz-sayfa-sorunu-cozumu\/","title":{"rendered":"WordPress Beyaz Sayfa Sorunu \u00c7\u00f6z\u00fcm\u00fc | Beyaz Ekran Problemi"},"content":{"rendered":"<p>Kullan\u0131c\u0131lar en \u00e7ok <a href=\"https:\/\/www.hostixo.com\/blog\/wordpress-nedir\/\" data-internallinksmanager029f6b8e52c=\"8\" title=\"wordpress\">wordpress<\/a> beyaz sayfa sorunu \u00e7\u00f6z\u00fcm\u00fc konusunda problem ya\u015famaktad\u0131r. Bu sorun bazen can s\u0131k\u0131c\u0131 olmakla beraber sebebi pek \u00e7ok durum olabilir. Bu yaz\u0131m\u0131zda sizlere sorunun sebep olabilece\u011fi \u015feyler ve \u00e7\u00f6z\u00fcm yollar\u0131 hakk\u0131nda detayl\u0131 bilgiler verece\u011fiz.<\/p>\n<p>Bu yaz\u0131m\u0131zda wordpress beyaz sayfa hatas\u0131 neden oluyor ve wordpress beyaz sayfa hatas\u0131 \u00e7\u00f6z\u00fcm\u00fcn\u00fc bulabileceksinz. Ayr\u0131ca wordpress kullan\u0131c\u0131lar\u0131n\u0131n dikkat etmesi gereken pek \u00e7ok \u00f6nemli konuya da de\u011finece\u011fiz. Keyifli okumalar diliyoruz.<\/p>\n<h2>WordPress Beyaz Sayfa Sorunu Nedir?<\/h2>\n<p>Wordpress kullan\u0131c\u0131lar\u0131n\u0131n eklenti, tema yada kullan\u0131lan <a href=\"https:\/\/www.hostixo.com\">hosting<\/a> paketi ile alakal\u0131 ya da wordpress&#8217;in kendi dosyalar\u0131ndan dolay\u0131 ya\u015fad\u011f\u0131 sayfalar aras\u0131 ge\u00e7i\u015flerde beyaz sayfada kalma durumu olarak \u00f6zetlenebilir. Kimi durumda tema dosyalar\u0131n\u0131n bozulmas\u0131 ile kimi zamanda eklentilerin bozulmas\u0131 ile kar\u015f\u0131la\u015f\u0131labilecek bir durumdur bu. Bir hayli can s\u0131k\u0131c\u0131 ve <a href=\"https:\/\/www.hostixo.com\/hosting\/hazir-site\/\" data-internallinksmanager029f6b8e52c=\"11\" title=\"haz\u0131r site\">site<\/a>nizin er\u015fimini sekteye u\u011fratan bir haldir.<\/p>\n<p>Dolay\u0131s\u0131 ile buradan yola \u00e7\u0131karak asl\u0131nda hatan\u0131n sebebinden sorunun \u00e7\u00f6z\u00fcm\u00fcne de yol kat etmi\u015f olmaktay\u0131z. Gelin \u015fimdi sorunumuzun \u00e7\u00f6z\u00fcmlerine ad\u0131m ad\u0131m bakal\u0131m<\/p>\n<h2>Wordpress Beyaz Sayfa Sorunu \u00c7\u00f6z\u00fcm\u00fc<\/h2>\n<h3>Wordpress Bellek S\u0131n\u0131r\u0131n\u0131 Art\u0131rmak<\/h3>\n<p>Wordpress&#8217;in bellek limitinin yetersiz olmas\u0131 beyaz sayfa hatalar\u0131n\u0131 alman\u0131za sebep olabilir. Bu hatay\u0131 d\u00fczeltmek i\u00e7in <strong>wp-config.php\u00a0<\/strong>dosyam\u0131z\u0131n i\u00e7inde bi k\u0131sm\u0131 d\u00fczenleyece\u011fiz. wp-config.php dosyan\u0131z\u0131n i\u00e7erisinde define ile ba\u015flayan sat\u0131r\u0131 bularak alt\u0131na a\u015fa\u011f\u0131daki sat\u0131r\u0131 ekleyerek sorunun \u00e7\u00f6z\u00fcm\u00fc i\u00e7in ad\u0131m atm\u0131\u015f olacaks\u0131n\u0131z. Unutmadan de\u011fi\u015fiklik yapmadan \u00f6nce dosyan\u0131z\u0131n yede\u011fini almay\u0131 unutmay\u0131n.<\/p>\n<pre class=\"EnlighterJSRAW\" data-enlighter-language=\"shell\" data-enlighter-theme=\"minimal\">define(\u2018WP_MEMORY_LIMIT\u2019,\u201964m\u2019);<\/pre>\n<p>&nbsp;<\/p>\n<p>Dosyan\u0131z\u0131 kaydedip hatan\u0131n \u00e7\u00f6z\u00fcm\u00fc i\u00e7in ilerleme olup olmad\u0131\u011f\u0131n\u0131 kontrol edin. E\u011fer sorununuz \u00e7\u00f6z\u00fclmediyse bir di\u011fer ad\u0131ma ge\u00e7ebilirsiniz.<\/p>\n<h3>Eklentilerinizi Kontrol Edin<\/h3>\n<p>Wordpress beyaz sayfa sorunu \u00e7\u00f6z\u00fcm\u00fc i\u00e7in kontrol etmeniz gereken bir di\u011fer konu eklentilerdir. Eklentiler bazen g\u00fcncelleme s\u0131ras\u0131nda bazen de sitenin rutin i\u015fleyi\u015fi i\u00e7inde hata verebilecek noktaya gelebilir. Bu durumda beyaz sayfa sorunu g\u00f6rebilirsiniz. \u00d6ncelikle t\u00fcm eklentilerinizi devre d\u0131\u015f\u0131 b\u0131rakarak sitenizin stabil \u00e7al\u0131\u015f\u0131p \u00e7al\u0131\u015fmad\u0131\u011f\u0131n\u0131 kontrol edin. Ard\u0131ndan eklentileri tek tek devreye alarak hatal\u0131 eklentiyi tespit edin be yeniden kurun \/ kald\u0131r\u0131n.<\/p>\n<p>E\u011fer admin paneline eri\u015fim sa\u011flayam\u0131yorsan\u0131z ftp sunucunuz ya da <a href=\"https:\/\/www.hostixo.com\/hosting\/\" data-internallinksmanager029f6b8e52c=\"1\" title=\"hosting paketleri\">hosting<\/a> panelinizdeki dosya y\u00f6neticiniz \u00fczerinden <strong>public_html\/wp-content\/plugins<\/strong> klas\u00f6r\u00fcne eri\u015fim sa\u011flayarak burdan eklentilerinizin klas\u00f6rlerini silerek tamamen kald\u0131rabilirsiniz. Bu durumda t\u00fcm eklentilerinizi yeniden kurman\u0131z gerekecektir.<\/p>\n<h3>Teman\u0131z\u0131 Kontrol Edin<\/h3>\n<p>Temalar\u0131n\u0131z bazen yapt\u0131\u011f\u0131n\u0131z d\u00fczenlemeler ya da eklemeker ile kullan\u0131lamaz hale gelebilir. Bu durumda beyaz sayfa hatas\u0131 ile kar\u015f\u0131la\u015fabilirsiniz. Bu durumun teman\u0131zdan olup olmad\u0131\u011f\u0131n\u0131 tespi etmek i\u00e7in kulland\u0131\u011f\u0131n\u0131z teman\u0131n yerine wordpress&#8217;in standart olarak gelen temalar\u0131ndan birini aktifle\u015ftirin ve sitenizi yenileyin. E\u011fer eri\u015fim sa\u011flayabiliyorsan\u0131z sorunun kayna\u011f\u0131 teman\u0131zd\u0131r. Bu durumda teman\u0131z\u0131 ba\u015ftan y\u00fcklemeniz ya da yapt\u0131\u011f\u0131n\u0131z de\u011fi\u015fiklikleri geri alman\u0131z gerekecektir.<\/p>\n<p>E\u011fer yine admin panelinize ula\u015fam\u0131yorsan\u0131z ftp y\u00f6neticisi yada hosting dosya y\u00f6neticisi ile kulland\u0131\u011f\u0131n\u0131z teman\u0131n klas\u00f6r ad\u0131n\u0131 de\u011fi\u015ftirerek pasif hale gelmesini ve e\u011fer varsa standart wordpress temalar\u0131ndan birinin aktif hale gelmesini sa\u011flayabilirsiniz.<\/p>\n<h2>Sonu\u00e7<\/h2>\n<p><strong>Wordpress beyaz sayfa sorunu \u00e7\u00f6z\u00fcm\u00fc<\/strong> ad\u0131na bak\u0131lmas\u0131 gereken belli ba\u015fl\u0131 b\u00f6l\u00fcmleri ve hatan\u0131n nereden kaynaklanabilece\u011fini sizler i\u00e7in derledik. T\u00fcm bu noktalardan kontrol ederek sorununuzu \u00e7\u00f6zemezseniz tavsiyemiz bir veritaban\u0131 yede\u011fini phpmyadmin ile alarak s\u0131f\u0131r ve temiz bir wordpress kurulumu yapman\u0131z olacakt\u0131r. <a href=\"https:\/\/www.hostixo.com\/blog\/\">Wordpress<\/a> i\u00e7inde \u00f6zellikle resmi olmayan eklenti ve g\u00fcvenilmeyen kaynaklardan indirilmi\u015f nulled temalar\u0131n\/eklentilerin kullan\u0131lmamas\u0131 dikkat edilmesi gerekilen bir noktad\u0131r.<\/p>\n<p><script type=\"application\/ld+json\">\n{\n  \"@context\": \"https:\/\/schema.org\/\", \n  \"@type\": \"Product\", \n  \"name\": \"Hostixo Blog\",\n  \"image\": \"https:\/\/www.hostixo.com\/blog\/\",\n  \"description\": \"Hostixo Blog\",\n  \"brand\": \"HostixoBlog1\",\n  \"sku\": \"HostixoBlog1\",\n  \"gtin8\": \"HostixoBlog1\",\n  \"gtin13\": \"HostixoBlog1\",\n  \"gtin14\": \"HostixoBlog1\",\n  \"mpn\": \"HostixoBlog1\",\n  \"offers\": {\n    \"@type\": \"Offer\",\n    \"url\": \"https:\/\/www.hostixo.com\/blog\/\",\n    \"priceCurrency\": \"TRY\",\n    \"price\": \"0.99\",\n    \"priceValidUntil\": \"2020-06-09\",\n    \"availability\": \"https:\/\/schema.org\/InStock\",\n    \"itemCondition\": \"https:\/\/schema.org\/NewCondition\"\n  },\n  \"aggregateRating\": {\n    \"@type\": \"AggregateRating\",\n   \"ratingValue\": \"5\",\n    \"bestRating\": \"5\",\n    \"worstRating\": \"4\",\n    \"ratingCount\": \"965\",\n    \"reviewCount\": \"965\"\n  },\n  \"review\": {\n    \"@type\": \"Review\",\n    \"name\": \"HostixoBlog1\",\n    \"reviewBody\": \"Hostixo Blog\",\n    \"reviewRating\": {\n      \"@type\": \"Rating\",\n   \"ratingValue\": \"5\",\n      \"bestRating\": \"5\",\n      \"worstRating\": \"4\"\n    },\n    \"datePublished\": \"2020-06-09\",\n    \"author\": {\"@type\": \"Person\", \"name\": \"Hostixo\"},\n    \"publisher\": {\"@type\": \"Organization\", \"name\": \"HostixoBlog1\"}\n  }\n}\n<\/script><\/p>\n","protected":false},"excerpt":{"rendered":"<p>Kullan\u0131c\u0131lar en \u00e7ok wordpress beyaz sayfa sorunu \u00e7\u00f6z\u00fcm\u00fc konusunda problem ya\u015famaktad\u0131r. Bu sorun bazen can s\u0131k\u0131c\u0131 olmakla beraber sebebi pek \u00e7ok durum olabilir. Bu yaz\u0131m\u0131zda sizlere sorunun sebep olabilece\u011fi \u015feyler ve \u00e7\u00f6z\u00fcm yollar\u0131 hakk\u0131nda detayl\u0131 bilgiler verece\u011fiz. Bu yaz\u0131m\u0131zda wordpress beyaz sayfa hatas\u0131 neden oluyor ve wordpress beyaz sayfa hatas\u0131 \u00e7\u00f6z\u00fcm\u00fcn\u00fc bulabileceksinz. Ayr\u0131ca wordpress kullan\u0131c\u0131lar\u0131n\u0131n &hellip;<\/p>\n","protected":false},"author":1,"featured_media":1814,"comment_status":"open","ping_status":"closed","sticky":false,"template":"","format":"standard","meta":{"_mbp_gutenberg_autopost":false,"footnotes":""},"categories":[34],"tags":[382],"class_list":["post-1811","post","type-post","status-publish","format-standard","has-post-thumbnail","hentry","category-wordpress","tag-wordpress-beyaz-sayfa-sorunu-cozumu"],"_links":{"self":[{"href":"https:\/\/www.hostixo.com\/blog\/wp-json\/wp\/v2\/posts\/1811","targetHints":{"allow":["GET"]}}],"collection":[{"href":"https:\/\/www.hostixo.com\/blog\/wp-json\/wp\/v2\/posts"}],"about":[{"href":"https:\/\/www.hostixo.com\/blog\/wp-json\/wp\/v2\/types\/post"}],"author":[{"embeddable":true,"href":"https:\/\/www.hostixo.com\/blog\/wp-json\/wp\/v2\/users\/1"}],"replies":[{"embeddable":true,"href":"https:\/\/www.hostixo.com\/blog\/wp-json\/wp\/v2\/comments?post=1811"}],"version-history":[{"count":0,"href":"https:\/\/www.hostixo.com\/blog\/wp-json\/wp\/v2\/posts\/1811\/revisions"}],"wp:featuredmedia":[{"embeddable":true,"href":"https:\/\/www.hostixo.com\/blog\/wp-json\/wp\/v2\/media\/1814"}],"wp:attachment":[{"href":"https:\/\/www.hostixo.com\/blog\/wp-json\/wp\/v2\/media?parent=1811"}],"wp:term":[{"taxonomy":"category","embeddable":true,"href":"https:\/\/www.hostixo.com\/blog\/wp-json\/wp\/v2\/categories?post=1811"},{"taxonomy":"post_tag","embeddable":true,"href":"https:\/\/www.hostixo.com\/blog\/wp-json\/wp\/v2\/tags?post=1811"}],"curies":[{"name":"wp","href":"https:\/\/api.w.org\/{rel}","templated":true}]}}