{"id":1137,"date":"2020-03-22T16:55:00","date_gmt":"2020-03-22T13:55:00","guid":{"rendered":"https:\/\/blog.hostixo.com\/?p=1137"},"modified":"2020-03-22T16:55:00","modified_gmt":"2020-03-22T13:55:00","slug":"instagram-gonderilerini-wordpress-sitede-gosterme","status":"publish","type":"post","link":"https:\/\/www.hostixo.com\/blog\/instagram-gonderilerini-wordpress-sitede-gosterme\/","title":{"rendered":"Instagram G\u00f6nderilerini Wordpress Sitede G\u00f6sterme"},"content":{"rendered":"<p>G\u00f6nderilerinizde okuyucular\u0131n\u0131z\u0131n ilgisini <strong>Instagram g\u00f6nderilerini <a href=\"https:\/\/www.hostixo.com\/blog\/wordpress-nedir\/\" data-internallinksmanager029f6b8e52c=\"8\" title=\"wordpress\">wordpress<\/a> <a href=\"https:\/\/www.hostixo.com\/hosting\/hazir-site\/\" data-internallinksmanager029f6b8e52c=\"11\" title=\"haz\u0131r site\">site<\/a>de g\u00f6sterme<\/strong> eklentisi ile art\u0131rabilirsiniz.<\/p>\n<p>Bu sayede daha interaktif g\u00f6nderiler olu\u015fturabilir, zaten milyonlarda kullan\u0131c\u0131 olan instagram\u0131n nimetlerinden faydalanabilirsiniz.<\/p>\n<p>Hem kendi sosyal medya hesaplar\u0131n\u0131z\u0131 hem de yaz\u0131lar\u0131n\u0131zda referans g\u00f6sterebilece\u011finiz hesaplar\u0131n g\u00f6nderilerini kullanarak yaz\u0131lar\u0131n\u0131za g\u00fc\u00e7 katabilirsiniz.<\/p>\n<figure id=\"attachment_1139\" aria-describedby=\"caption-attachment-1139\" style=\"width: 349px\" class=\"wp-caption aligncenter\"><img decoding=\"async\" class=\"wp-image-1139 lazyload\" data-src=\"https:\/\/www.hostixo.com\/blog\/wp-content\/uploads\/2020\/03\/1.png\" alt=\"Instagram g\u00f6nderilerini wordpress sitede g\u00f6sterme 1\" width=\"349\" height=\"348\" title=\"\" src=\"data:image\/gif;base64,R0lGODlhAQABAAAAACH5BAEKAAEALAAAAAABAAEAAAICTAEAOw==\" style=\"--smush-placeholder-width: 349px; --smush-placeholder-aspect-ratio: 349\/348;\"><noscript><img decoding=\"async\" class=\" wp-image-1139\" src=\"https:\/\/www.hostixo.com\/blog\/wp-content\/uploads\/2020\/03\/1.png\" alt=\"Instagram g\u00f6nderilerini wordpress sitede g\u00f6sterme 1\" width=\"349\" height=\"348\" title=\"\"><\/noscript><figcaption id=\"caption-attachment-1139\" class=\"wp-caption-text\">Instagram g\u00f6nderilerini wordpress sitede g\u00f6sterme 1<\/figcaption><\/figure>\n<h2>Neden Instagram G\u00f6nderilerini Wordpress Sitelerde Kullanmal\u0131y\u0131z?<\/h2>\n<ul>\n<li>Instagram g\u00f6nderileri \u00f6zg\u00fcn olduklar\u0131 i\u00e7in daha \u00e7ok ilgi \u00e7ekicidirler.<\/li>\n<li>G\u00f6rsel i\u00e7eriklerinizi tek bir yerden y\u00f6neterek hem etkile\u015fimi art\u0131rabilir hem de g\u00f6nderilerinizde kullanaca\u011f\u0131n\u0131z g\u00f6rselleri stoklamak i\u00e7in instagram\u0131 kullanabilirsiniz. B\u00f6ylece sunucular\u0131n\u0131zdaki y\u00fck azalm\u0131\u015f olacakt\u0131r.<\/li>\n<li>Sitenizi ziyaret eden kullan\u0131c\u0131lar\u0131 Instagram hesab\u0131n\u0131za y\u00f6nlendirmi\u015f olman\u0131z sosyal medya hesaplar\u0131n\u0131z\u0131n takip\u00e7i say\u0131s\u0131n\u0131 da art\u0131rm\u0131\u015f olabilirsiniz.<\/li>\n<li>Instagram \u00fczerindeki etkile\u015fim sistemini de kullanarak sitenizde kalma s\u00fcresini art\u0131rabilirsiniz.<\/li>\n<\/ul>\n<p>Bu sebeplerden \u00f6t\u00fcr\u00fc web sitelerinizde \u00f6zellikle kullan\u0131c\u0131lar\u0131n etkile\u015fim g\u00f6sterebilece\u011fi g\u00f6nderilerde instagram g\u00f6nderileri ile desteklemek suretiyle hem web sitenizdeki hem de sosyal medya hesaplar\u0131n\u0131zdaki etkile\u015fimi art\u0131rabilirsiniz. Bu durum hem marka de\u011ferinize hem de sitenizde kal\u0131nma s\u00fcresindeki art\u0131ra katk\u0131 sa\u011flayacakt\u0131r.<\/p>\n<p><strong><a href=\"https:\/\/www.hostixo.com\/blog\/\">Wordpress<\/a><\/strong> siteler i\u00e7in tavsiye edebilece\u011fimiz sadece bir eklenti yok. Bu eklentiler ihtiya\u00e7 ve kullan\u0131m alanlar\u0131na g\u00f6re \u00e7e\u015fitlilik g\u00f6steriyor. Bu y\u00fczden kategorilerine g\u00f6re bi ka\u00e7 eklenti \u00f6nerece\u011fiz sizlere. Bunlar\u0131 deneyerek size en uygun olan eklentiyi kullanmaya ba\u015flayabilirsiniz.<\/p>\n<h2>Instagram G\u00f6nderilerini Wordpress Sitede G\u00f6sterme Eklentileri<\/h2>\n<ol>\n<li><a href=\"https:\/\/tr.wordpress.org\/plugins\/instagram-feed\/\" target=\"_blank\" rel=\"noopener\"><strong>Smash Balloon Social Photo Feed<\/strong><\/a> &#8211; Kurulumu ve kullan\u0131m\u0131 kolay bu eklenti ile g\u00f6nderilerinizi yaz\u0131 i\u00e7inde kullanabilirsiniz.<\/li>\n<li><a href=\"https:\/\/tr.wordpress.org\/plugins\/wd-instagram-feed\/\" target=\"_blank\" rel=\"noopener\"><strong>10Web Social Photo Feed<\/strong><\/a> &#8211; Yine kurulumu ve kullan\u0131m\u0131 kolay bu eklenti ile hem profil hem g\u00f6nderi payla\u015f\u0131m\u0131n\u0131 yapabilirsiniz.<\/li>\n<li><strong><a href=\"https:\/\/tr.wordpress.org\/plugins\/feed-them-social\/\" target=\"_blank\" rel=\"noopener\">Feed Them Social<\/a><\/strong> &#8211; Sadece Instagram de\u011fil, Twitter, YouTube ve Pinterest g\u00f6nderilerini de yaz\u0131 i\u00e7inde payla\u015fabilirsiniz.<\/li>\n<li><strong><a href=\"https:\/\/tr.wordpress.org\/plugins\/instagram-slider-widget\/\" target=\"_blank\" rel=\"noopener\">Social Slider Widget<\/a><\/strong> &#8211; Yine g\u00fczel bir g\u00f6nderi payla\u015f\u0131m eklentisi. Bile\u015fen deste\u011fi de mevcut.<\/li>\n<\/ol>\n<p>Birbirinden g\u00fczel bu eklentiler ile ihtiyac\u0131n\u0131za y\u00f6nelik g\u00f6nderi payla\u015f\u0131m \u00f6zelli\u011fini sitelerinize ekleyebilirsiniz. B\u00f6ylece websitesi i\u00e7inde sorun olan, <strong>Instagram g\u00f6nderilerini Wordpress sitede g\u00f6sterme<\/strong> i\u015flemini eksikli\u011fini kolayca \u00e7\u00f6zebilirsiniz.<\/p>\n","protected":false},"excerpt":{"rendered":"<p>G\u00f6nderilerinizde okuyucular\u0131n\u0131z\u0131n ilgisini Instagram g\u00f6nderilerini wordpress sitede g\u00f6sterme eklentisi ile art\u0131rabilirsiniz. Bu sayede daha interaktif g\u00f6nderiler olu\u015fturabilir, zaten milyonlarda kullan\u0131c\u0131 olan instagram\u0131n nimetlerinden faydalanabilirsiniz. Hem kendi sosyal medya hesaplar\u0131n\u0131z\u0131 hem de yaz\u0131lar\u0131n\u0131zda referans g\u00f6sterebilece\u011finiz hesaplar\u0131n g\u00f6nderilerini kullanarak yaz\u0131lar\u0131n\u0131za g\u00fc\u00e7 katabilirsiniz. Neden Instagram G\u00f6nderilerini Wordpress Sitelerde Kullanmal\u0131y\u0131z? Instagram g\u00f6nderileri \u00f6zg\u00fcn olduklar\u0131 i\u00e7in daha \u00e7ok ilgi \u00e7ekicidirler. &hellip;<\/p>\n","protected":false},"author":1,"featured_media":1140,"comment_status":"open","ping_status":"closed","sticky":false,"template":"","format":"standard","meta":{"_mbp_gutenberg_autopost":false,"footnotes":""},"categories":[34],"tags":[202],"class_list":["post-1137","post","type-post","status-publish","format-standard","has-post-thumbnail","hentry","category-wordpress","tag-instagram-gonderilerini-wordpress-sitede-gosterme"],"_links":{"self":[{"href":"https:\/\/www.hostixo.com\/blog\/wp-json\/wp\/v2\/posts\/1137","targetHints":{"allow":["GET"]}}],"collection":[{"href":"https:\/\/www.hostixo.com\/blog\/wp-json\/wp\/v2\/posts"}],"about":[{"href":"https:\/\/www.hostixo.com\/blog\/wp-json\/wp\/v2\/types\/post"}],"author":[{"embeddable":true,"href":"https:\/\/www.hostixo.com\/blog\/wp-json\/wp\/v2\/users\/1"}],"replies":[{"embeddable":true,"href":"https:\/\/www.hostixo.com\/blog\/wp-json\/wp\/v2\/comments?post=1137"}],"version-history":[{"count":0,"href":"https:\/\/www.hostixo.com\/blog\/wp-json\/wp\/v2\/posts\/1137\/revisions"}],"wp:featuredmedia":[{"embeddable":true,"href":"https:\/\/www.hostixo.com\/blog\/wp-json\/wp\/v2\/media\/1140"}],"wp:attachment":[{"href":"https:\/\/www.hostixo.com\/blog\/wp-json\/wp\/v2\/media?parent=1137"}],"wp:term":[{"taxonomy":"category","embeddable":true,"href":"https:\/\/www.hostixo.com\/blog\/wp-json\/wp\/v2\/categories?post=1137"},{"taxonomy":"post_tag","embeddable":true,"href":"https:\/\/www.hostixo.com\/blog\/wp-json\/wp\/v2\/tags?post=1137"}],"curies":[{"name":"wp","href":"https:\/\/api.w.org\/{rel}","templated":true}]}}